{
    "title": "Voorstelling onderzoek: private landeigenaars motiveren om m\u00e9\u00e9r publieke natuur en open ruimte te cre\u00ebren",
    "modified_at": "2026-04-26 20:01:04",
    "published_at": "2026-04-24 07:00:00",
    "url": "https://story-fwd.prezly.com/voorstelling-onderzoek-hoe-kunnen-private-eigenaars-gemotiveerd-worden-om-meer-publieke-natuur-en-open-ruimte-te-creeren",
    "short_url": "http://prez.ly/x3Dd",
    "culture": "nl_BE",
    "language": "NL",
    "subtitle": "PERSUITNODIGING WOE 29/4",
    "slug": "voorstelling-onderzoek-hoe-kunnen-private-eigenaars-gemotiveerd-worden-om-meer-publieke-natuur-en-open-ruimte-te-creeren",
    "body": "<h4 id=\"landelijk-vlaanderen-maakt-studie-over-aan-vlaams-minister-van-omgeving-jo-brouns-op-domein-s-gravenkasteel\" style=\"text-align: center\"><em>Landelijk Vlaanderen maakt studie over aan Vlaams minister van Omgeving Jo Brouns op domein &rsquo;s Gravenkasteel</em></h4><p style=\"text-align: justify\">Private eigenaars zijn massaal bereid om onder bepaalde voorwaarden m&eacute;&eacute;r natuur en publieke ruimte op hun eigen gronden te cre&euml;ren en zo mee te bouwen aan de Vlaamse beleidsdoelstellingen. Alleen: hoe kunnen ze gemotiveerd worden om effectief actie te ondernemen? Dat onderzocht Landelijk Vlaanderen, die bijna &eacute;&eacute;n miljoen private eigenaars in Vlaanderen vertegenwoordigt. </p><p style=\"text-align: justify\">Sommige voorstellen die naar voren worden geschoven, komen uit het buitenland overgewaaid en mogen best vooruitstrevend genoemd worden. Het gaat onder meer over de zogenaamde &#039;rood voor groen&#039;-regeling, waarbij eigenaars bv. bouwmogelijkheden zouden krijgen in ruil voor extra natuur of open ruimte. Net zoals ook het &#039;Whole Estate Plan&#039; ter sprake komt in het onderzoek: een officieel businessplan dat zou worden opgesteld voor private gronden. </p><p style=\"text-align: justify\"><strong>Landelijk Vlaanderen nodigt u uit op een persmoment waarop ze het onderzoek overhandigen \u200b aan Vlaams minister van Omgeving Jo Brouns.</strong> Samen met de minister is er ook een rondleiding voorzien op het terrein van Didier t&#039;Serstevens - de huidige eigenaar en kasteelheer (7de generatie) van het &#039;s Gravenkasteel, waar elk jaar het elektronische muziekfestival Voodoo Village doorgaat. </p><h3 id=\"praktisch\" >Praktisch</h3><ul class=\"release-content-list release-content-list--bulleted release-content-list--align-inherit\"><li><span><strong>Datum:</strong> woensdag 29/04/2026</span></li><li><span><strong>Timings</strong>:</span><ul class=\"release-content-list release-content-list--bulleted release-content-list--align-inherit\"><li><span>08u45: ontvangst met ontbijt</span></li><li><span>09u00-09u30: overhandiging onderzoek en voorstellen aan minister Brouns</span></li><li><span>09u30-10u00: rondleiding en persvragen</span></li><li><span>10u00-11u00: mogelijkheid tot extra toelichting en versnappering </span></li></ul></li><li><span><strong>Locatie:</strong> &rsquo;s Gravenkasteel, Warandestraat 100, 1851 Humbeek (Grimbergen) - rij het domein binnen om er te parkeren</span></li><li><span><strong>Staan je graag te woord:</strong> </span><ul class=\"release-content-list release-content-list--bulleted release-content-list--align-inherit\"><li><span>Jo Brouns - Vlaams minister van Omgeving</span></li><li><span>Valerie Vandenabeele - Directeur Landelijk Vlaanderen</span></li><li><span>Didier t&#039;Serstevens - de huidige kasteelheer (7de generatie) van het &#039;s Gravenkasteel</span></li></ul></li></ul><h3 id=\"kom-jij-ook-of-heb-je-nog-vragen-laat-het-ons-weten\" >Kom jij ook of heb je nog vragen? Laat het ons weten!</h3><div class=\"release-content-contact\" id=\"contact-ad5c7c92-8717-4153-8bd4-230bbb853c4c\">\n    \n    <div class=\"release-content-contact__details\">\n        <strong class=\"release-content-contact__name\">Tobias Van Assche</strong>\n        \n        <ul class=\"release-content-contact__details-list\"><li class=\"release-content-contact__details-list-item\"><a href=\"mailto:tobias@weforward.be\"  class=\"release-content-contact__details-list-item-link\" title=\"tobias@weforward.be\"><svg class=\"icon icon-paper-plane release-content-contact__details-list-item-icon\">\n                <use xlink:href=\"#icon-paper-plane\"></use>\n            </svg>tobias@weforward.be</a></li>\n<li class=\"release-content-contact__details-list-item\"><a href=\"tel:0476 60 48 03\"  class=\"release-content-contact__details-list-item-link\" title=\"0476 60 48 03\"><svg class=\"icon icon-mobile release-content-contact__details-list-item-icon\">\n                <use xlink:href=\"#icon-mobile\"></use>\n            </svg>0476 60 48 03</a></li></ul>\n    </div>\n</div>\n    <figure\n        class=\"release-content-image release-content-image--contained release-content-image--align-center\"\n        data-component=\"image-zoom-popup\"\n        data-image-zoom-popup-selector=\".release-content-image__image\"\n        data-image-zoom-popup-i18n=\"data:application/json;base64,eyJEb3dubG9hZCI6IkRvd25sb2FkIn0=\"\n        data-image-zoom-popup-tracking-views-event=\"Story Image View\"\n        data-image-zoom-popup-tracking-download-event=\"Story Image Download\"\n        data-image-zoom-popup-placement=\"content\"\n    >\n        <div class=\"image-thumbnail-rollover\" style=\"width: 100%\">\n            <img\n                src=\"https://cdn.uc.assets.prezly.com/a373e529-85b3-4be9-bf40-d15ac7228077/-/format/auto/\"\n                                class=\"release-content-image__image image-thumbnail-rollover__image\"\n                data-description=\"De prachtige locatie voor het persmoment: &amp;#039;s Gravenkasteel in Humbeek (Grimbergen)\"\n                id=\"image-a373e529-85b3-4be9-bf40-d15ac7228077\"\n                data-id=\"a373e529-85b3-4be9-bf40-d15ac7228077\"\n                data-original=\"https://cdn.uc.assets.prezly.com/a373e529-85b3-4be9-bf40-d15ac7228077/-/inline/no/kasteel.jpg\"\n                data-mfp-src=\"https://cdn.uc.assets.prezly.com/a373e529-85b3-4be9-bf40-d15ac7228077/-/format/auto/\"\n                alt=\"De prachtige locatie voor het persmoment: 's Gravenkasteel in Humbeek (Grimbergen)\"\n            />\n            <div class=\"image-thumbnail-rollover__caption\">\n                <svg class=\"icon icon-expand image-thumbnail-rollover__caption-icon\">\n                <use xlink:href=\"#icon-expand\"></use>\n            </svg>            </div>\n        </div>\n\n        <figcaption class=\"release-content-image__caption\">De prachtige locatie voor het persmoment: &#039;s Gravenkasteel in Humbeek (Grimbergen)</figcaption>\n    </figure>\n<p>&nbsp;</p>",
    "header": {
        "large": "https://cdn.uc.assets.prezly.com/30ae929f-2764-4cb4-8bfb-013905bbfc33/-/preview/1200x1200/-/format/auto/",
        "release": "https://cdn.uc.assets.prezly.com/30ae929f-2764-4cb4-8bfb-013905bbfc33/-/preview/1200x1200/-/format/auto/"
    },
    "images": [
        {
            "caption": "De prachtige locatie voor het persmoment: 's Gravenkasteel in Humbeek (Grimbergen)",
            "original": "https://cdn.uc.assets.prezly.com/a373e529-85b3-4be9-bf40-d15ac7228077/",
            "medium": "https://cdn.uc.assets.prezly.com/a373e529-85b3-4be9-bf40-d15ac7228077/-/preview/500x500/-/format/auto/",
            "small": "https://cdn.uc.assets.prezly.com/a373e529-85b3-4be9-bf40-d15ac7228077/-/preview/200x200/-/format/auto/",
            "thumbnail": "https://cdn.uc.assets.prezly.com/a373e529-85b3-4be9-bf40-d15ac7228077/-/preview/100x100/-/format/auto/",
            "square": "https://cdn.uc.assets.prezly.com/a373e529-85b3-4be9-bf40-d15ac7228077/-/scale_crop/200x200/center/-/format/auto/",
            "squaresmall": "https://cdn.uc.assets.prezly.com/a373e529-85b3-4be9-bf40-d15ac7228077/-/scale_crop/58x58/center/-/format/auto/"
        }
    ],
    "contacts": [
        {
            "name": "Tobias Van Assche",
            "company": null,
            "description": null,
            "email": "tobias@weforward.be",
            "website": null,
            "address": null,
            "telephone": null,
            "mobile": "0476 60 48 03",
            "twitter": null,
            "facebook": null
        }
    ],
    "author": {
        "first_name": "Dajo",
        "last_name": "Hermans"
    },
    "format_version": 6
}